{"id":2623,"date":"2021-01-31T17:33:46","date_gmt":"2021-01-31T16:33:46","guid":{"rendered":"https:\/\/www.bhak-eisenstadt.at\/2016\/?p=2623"},"modified":"2021-01-31T17:37:08","modified_gmt":"2021-01-31T16:37:08","slug":"wanderausstellung-25-jahre-oesterreich-in-der-eu-wachsen-in-europa","status":"publish","type":"post","link":"https:\/\/www.bhak-eisenstadt.at\/2016\/wanderausstellung-25-jahre-oesterreich-in-der-eu-wachsen-in-europa\/","title":{"rendered":"Wanderausstellung: &#8222;25 Jahre \u00d6sterreich in der EU &#8211; Wachsen in EUropa&#8220;"},"content":{"rendered":"\n<hr class=\"wp-block-separator\"\/>\n\n\n\n<figure class=\"wp-block-gallery columns-2 is-cropped\"><ul class=\"blocks-gallery-grid\"><li class=\"blocks-gallery-item\"><figure><img loading=\"lazy\" width=\"453\" height=\"300\" src=\"https:\/\/www.bhak-eisenstadt.at\/2016\/wp-content\/uploads\/2021\/01\/Wanderausstellung_EU_3.png\" alt=\"\" data-id=\"2626\" data-link=\"https:\/\/www.bhak-eisenstadt.at\/2016\/?attachment_id=2626#main\" class=\"wp-image-2626\" srcset=\"https:\/\/www.bhak-eisenstadt.at\/2016\/wp-content\/uploads\/2021\/01\/Wanderausstellung_EU_3.png 453w, https:\/\/www.bhak-eisenstadt.at\/2016\/wp-content\/uploads\/2021\/01\/Wanderausstellung_EU_3-300x199.png 300w\" sizes=\"(max-width: 453px) 100vw, 453px\" \/><\/figure><\/li><li class=\"blocks-gallery-item\"><figure><img loading=\"lazy\" width=\"453\" height=\"300\" src=\"https:\/\/www.bhak-eisenstadt.at\/2016\/wp-content\/uploads\/2021\/01\/Wanderausstellung_EU_4.png\" alt=\"\" data-id=\"2631\" data-full-url=\"https:\/\/www.bhak-eisenstadt.at\/2016\/wp-content\/uploads\/2021\/01\/Wanderausstellung_EU_4.png\" data-link=\"https:\/\/www.bhak-eisenstadt.at\/2016\/?attachment_id=2631#main\" class=\"wp-image-2631\" srcset=\"https:\/\/www.bhak-eisenstadt.at\/2016\/wp-content\/uploads\/2021\/01\/Wanderausstellung_EU_4.png 453w, https:\/\/www.bhak-eisenstadt.at\/2016\/wp-content\/uploads\/2021\/01\/Wanderausstellung_EU_4-300x199.png 300w\" sizes=\"(max-width: 453px) 100vw, 453px\" \/><\/figure><\/li><\/ul><\/figure>\n\n\n\n<p>In den ersten Januarwochen konnten sich Interessierte  die Wanderausstellung des Regionalmanagement Burgenland (RMB) zum Thema &#8222;25 Jahre \u00d6sterreich in der EU&#8220; ansehen. Sch\u00fclerinnen und Sch\u00fcler der 1JK haben diese Veranstaltung organisiert und aufgebaut.<\/p>\n\n\n\n<p>Trotz Lockdown war es zumindest einigen Sch\u00fclerinnen und Sch\u00fcler m\u00f6glich, die Beitrittsgeschichte \u00d6sterreichs zur Europ\u00e4ischen Union zu verfolgen. Au\u00dferdem konnte man sich beim Besuch der Wanderausstellung \u00fcber Rechte und Pflichten von Mitgliedsstaaten informieren, man erhielt aber auch einen Einblick \u00fcber die Meinungen der \u00f6sterreichischen Bev\u00f6lkerung zur Europ\u00e4ischen Union. Nicht zuletzt regte die Ausstellung au\u00dferdem zum Nachdenken dar\u00fcber an, wo \u00d6sterreich ohne EU-Beitritt heute wirtschaftlich stehen w\u00fcrde.<\/p>\n\n\n\n<div class=\"wp-block-media-text alignwide has-media-on-the-right is-stacked-on-mobile\" style=\"grid-template-columns:auto 15%\"><figure class=\"wp-block-media-text__media\"><a href=\"https:\/\/www.rmb.at\/\"><img loading=\"lazy\" width=\"102\" height=\"57\" src=\"https:\/\/www.bhak-eisenstadt.at\/2016\/wp-content\/uploads\/2021\/01\/RMB_klein.png\" alt=\"\" class=\"wp-image-2633 size-full\"\/><\/a><\/figure><div class=\"wp-block-media-text__content\">\n<p class=\"has-large-font-size\"><\/p>\n<\/div><\/div>\n\n\n\n<p><\/p>\n","protected":false},"excerpt":{"rendered":"<p>In den ersten Januarwochen konnten sich Interessierte die Wanderausstellung des Regionalmanagement Burgenland (RMB) zum Thema &#8222;25 Jahre \u00d6sterreich in der EU&#8220; ansehen. Sch\u00fclerinnen und Sch\u00fcler der 1JK haben diese Veranstaltung organisiert und aufgebaut. Trotz Lockdown war es zumindest einigen Sch\u00fclerinnen und Sch\u00fcler m\u00f6glich, die Beitrittsgeschichte \u00d6sterreichs zur Europ\u00e4ischen Union zu verfolgen. Au\u00dferdem konnte man sich <a class=\"more-link\" href=\"https:\/\/www.bhak-eisenstadt.at\/2016\/wanderausstellung-25-jahre-oesterreich-in-der-eu-wachsen-in-europa\/\">Weiterlesen&#8230;<\/a><\/p>\n","protected":false},"author":4,"featured_media":2640,"comment_status":"closed","ping_status":"closed","sticky":false,"template":"","format":"standard","meta":[],"categories":[1,4],"tags":[],"amp_enabled":true,"_links":{"self":[{"href":"https:\/\/www.bhak-eisenstadt.at\/2016\/wp-json\/wp\/v2\/posts\/2623"}],"collection":[{"href":"https:\/\/www.bhak-eisenstadt.at\/2016\/wp-json\/wp\/v2\/posts"}],"about":[{"href":"https:\/\/www.bhak-eisenstadt.at\/2016\/wp-json\/wp\/v2\/types\/post"}],"author":[{"embeddable":true,"href":"https:\/\/www.bhak-eisenstadt.at\/2016\/wp-json\/wp\/v2\/users\/4"}],"replies":[{"embeddable":true,"href":"https:\/\/www.bhak-eisenstadt.at\/2016\/wp-json\/wp\/v2\/comments?post=2623"}],"version-history":[{"count":9,"href":"https:\/\/www.bhak-eisenstadt.at\/2016\/wp-json\/wp\/v2\/posts\/2623\/revisions"}],"predecessor-version":[{"id":2638,"href":"https:\/\/www.bhak-eisenstadt.at\/2016\/wp-json\/wp\/v2\/posts\/2623\/revisions\/2638"}],"wp:featuredmedia":[{"embeddable":true,"href":"https:\/\/www.bhak-eisenstadt.at\/2016\/wp-json\/wp\/v2\/media\/2640"}],"wp:attachment":[{"href":"https:\/\/www.bhak-eisenstadt.at\/2016\/wp-json\/wp\/v2\/media?parent=2623"}],"wp:term":[{"taxonomy":"category","embeddable":true,"href":"https:\/\/www.bhak-eisenstadt.at\/2016\/wp-json\/wp\/v2\/categories?post=2623"},{"taxonomy":"post_tag","embeddable":true,"href":"https:\/\/www.bhak-eisenstadt.at\/2016\/wp-json\/wp\/v2\/tags?post=2623"}],"curies":[{"name":"wp","href":"https:\/\/api.w.org\/{rel}","templated":true}]}}