{"id":2713,"date":"2021-03-25T21:09:18","date_gmt":"2021-03-25T20:09:18","guid":{"rendered":"https:\/\/www.bhak-eisenstadt.at\/2016\/?p=2713"},"modified":"2021-03-25T21:09:20","modified_gmt":"2021-03-25T20:09:20","slug":"dialog-mit-mag-a-beate-meinl-reisinger-mes","status":"publish","type":"post","link":"https:\/\/www.bhak-eisenstadt.at\/2016\/dialog-mit-mag-a-beate-meinl-reisinger-mes\/","title":{"rendered":"Dialog mit Mag.a Beate Meinl-Reisinger, MES"},"content":{"rendered":"\n<hr class=\"wp-block-separator\"\/>\n\n\n\n<figure class=\"wp-block-image size-medium\"><img loading=\"lazy\" width=\"300\" height=\"264\" src=\"https:\/\/www.bhak-eisenstadt.at\/2016\/wp-content\/uploads\/2021\/03\/Meinl-Reisinger-neu-300x264.jpg\" alt=\"\" class=\"wp-image-2715\" srcset=\"https:\/\/www.bhak-eisenstadt.at\/2016\/wp-content\/uploads\/2021\/03\/Meinl-Reisinger-neu-300x264.jpg 300w, https:\/\/www.bhak-eisenstadt.at\/2016\/wp-content\/uploads\/2021\/03\/Meinl-Reisinger-neu-1024x900.jpg 1024w, https:\/\/www.bhak-eisenstadt.at\/2016\/wp-content\/uploads\/2021\/03\/Meinl-Reisinger-neu-768x675.jpg 768w, https:\/\/www.bhak-eisenstadt.at\/2016\/wp-content\/uploads\/2021\/03\/Meinl-Reisinger-neu-1536x1351.jpg 1536w, https:\/\/www.bhak-eisenstadt.at\/2016\/wp-content\/uploads\/2021\/03\/Meinl-Reisinger-neu-2048x1801.jpg 2048w\" sizes=\"(max-width: 300px) 100vw, 300px\" \/><\/figure>\n\n\n\n<p>Am 3. M\u00e4rz 2021 nahmen Sch\u00fclerinnen und Sch\u00fcler der 1. und 2. JusHAK an einem Online-Dialog mit Mag.<sup>a<\/sup> Beate Meinl-Reisinger (Abgeordnete zum Nationalrat und Parteivorsitzende der NEOS) teil. Organisiert wurde das Gespr\u00e4ch von der Initiative s<em>ch\u00fclerInnen.gestalten.wandel<\/em>. <\/p>\n\n\n\n<p>Im Rahmen der Veranstaltung diskutierten Sch\u00fclerinnen und Sch\u00fcler aus ganz \u00d6sterreich zu verschiedensten Themen. Unter anderem erz\u00e4hlte Frau Meinl-Reisinger von ihrer Jugend und ihren Weg in die Politik, von der Zusammenarbeit mit der Bundesregierung, aber auch, wie sie den Spagat zwischen Beruflichem und Privatem schafft. Meinl Reisinger ist Mutter von drei Kindern <em>und <\/em>Vorsitzende einer Partei im \u00f6sterreichischen Parlament.<\/p>\n\n\n\n<p>Insgesamt freuten sich die Sch\u00fclerinnen und Sch\u00fcler \u00fcber ein spannendes, aber auch entspanntes Gespr\u00e4ch mit einer namhaften \u00f6sterreichischen Politikerin.<\/p>\n\n\n\n<p><em>Bildnachweis:<\/em> https:\/\/www.schuelergestaltenwandel.at<\/p>\n","protected":false},"excerpt":{"rendered":"<p>Am 3. M\u00e4rz 2021 nahmen Sch\u00fclerinnen und Sch\u00fcler der 1. und 2. JusHAK an einem Online-Dialog mit Mag.a Beate Meinl-Reisinger (Abgeordnete zum Nationalrat und Parteivorsitzende der NEOS) teil. Organisiert wurde das Gespr\u00e4ch von der Initiative sch\u00fclerInnen.gestalten.wandel. Im Rahmen der Veranstaltung diskutierten Sch\u00fclerinnen und Sch\u00fcler aus ganz \u00d6sterreich zu verschiedensten Themen. Unter anderem erz\u00e4hlte Frau Meinl-Reisinger <a class=\"more-link\" href=\"https:\/\/www.bhak-eisenstadt.at\/2016\/dialog-mit-mag-a-beate-meinl-reisinger-mes\/\">Weiterlesen&#8230;<\/a><\/p>\n","protected":false},"author":4,"featured_media":2106,"comment_status":"closed","ping_status":"closed","sticky":false,"template":"","format":"standard","meta":[],"categories":[1,4],"tags":[],"amp_enabled":true,"_links":{"self":[{"href":"https:\/\/www.bhak-eisenstadt.at\/2016\/wp-json\/wp\/v2\/posts\/2713"}],"collection":[{"href":"https:\/\/www.bhak-eisenstadt.at\/2016\/wp-json\/wp\/v2\/posts"}],"about":[{"href":"https:\/\/www.bhak-eisenstadt.at\/2016\/wp-json\/wp\/v2\/types\/post"}],"author":[{"embeddable":true,"href":"https:\/\/www.bhak-eisenstadt.at\/2016\/wp-json\/wp\/v2\/users\/4"}],"replies":[{"embeddable":true,"href":"https:\/\/www.bhak-eisenstadt.at\/2016\/wp-json\/wp\/v2\/comments?post=2713"}],"version-history":[{"count":3,"href":"https:\/\/www.bhak-eisenstadt.at\/2016\/wp-json\/wp\/v2\/posts\/2713\/revisions"}],"predecessor-version":[{"id":2717,"href":"https:\/\/www.bhak-eisenstadt.at\/2016\/wp-json\/wp\/v2\/posts\/2713\/revisions\/2717"}],"wp:featuredmedia":[{"embeddable":true,"href":"https:\/\/www.bhak-eisenstadt.at\/2016\/wp-json\/wp\/v2\/media\/2106"}],"wp:attachment":[{"href":"https:\/\/www.bhak-eisenstadt.at\/2016\/wp-json\/wp\/v2\/media?parent=2713"}],"wp:term":[{"taxonomy":"category","embeddable":true,"href":"https:\/\/www.bhak-eisenstadt.at\/2016\/wp-json\/wp\/v2\/categories?post=2713"},{"taxonomy":"post_tag","embeddable":true,"href":"https:\/\/www.bhak-eisenstadt.at\/2016\/wp-json\/wp\/v2\/tags?post=2713"}],"curies":[{"name":"wp","href":"https:\/\/api.w.org\/{rel}","templated":true}]}}