{"id":2766,"date":"2021-05-30T18:15:24","date_gmt":"2021-05-30T16:15:24","guid":{"rendered":"https:\/\/www.bhak-eisenstadt.at\/2016\/?p=2766"},"modified":"2021-05-30T18:15:27","modified_gmt":"2021-05-30T16:15:27","slug":"brillen-ohne-grenzen-brillensammlung-der-bhak-bhas-eisenstadt","status":"publish","type":"post","link":"https:\/\/www.bhak-eisenstadt.at\/2016\/brillen-ohne-grenzen-brillensammlung-der-bhak-bhas-eisenstadt\/","title":{"rendered":"\u201eBrillen ohne Grenzen\u201c \u2013 Brillensammlung der BHAK\/BHAS Eisenstadt"},"content":{"rendered":"\n<hr class=\"wp-block-separator\"\/>\n\n\n\n<figure class=\"wp-block-image size-large is-resized is-style-default\"><img loading=\"lazy\" src=\"https:\/\/www.bhak-eisenstadt.at\/2016\/wp-content\/uploads\/2021\/05\/Brillensammlung.png\" alt=\"\" class=\"wp-image-2764\" width=\"374\" height=\"240\" srcset=\"https:\/\/www.bhak-eisenstadt.at\/2016\/wp-content\/uploads\/2021\/05\/Brillensammlung.png 834w, https:\/\/www.bhak-eisenstadt.at\/2016\/wp-content\/uploads\/2021\/05\/Brillensammlung-300x193.png 300w, https:\/\/www.bhak-eisenstadt.at\/2016\/wp-content\/uploads\/2021\/05\/Brillensammlung-768x494.png 768w\" sizes=\"(max-width: 374px) 100vw, 374px\" \/><\/figure>\n\n\n\n<p><\/p>\n\n\n\n<p>Sch\u00fclerinnen und Sch\u00fcler sowie Lehrpersonen der BHAK\/BHAS Eisenstadt haben 84 optische Brillen f\u00fcr das Projekt \u201eBrillensammelaktion des Blindenapostolats der Erzdi\u00f6zese Wien\u201c gesammelt. <\/p>\n\n\n\n<p>Dabei wurden von Laura H\u00f6ller und Vanessa Steiger, Sch\u00fclerinnen der 1JK, f\u00fcnf Sammelkartons an verschiedenen Pl\u00e4tzen der Schule aufgestellt. Nach zwei Monaten haben sie die Brillen gez\u00e4hlt, verpackt und mit der Post an das Brillenapostolat Wien verschickt. Von dort werden die Brillen in die Zentrale der NGO \u201eBrillen ohne Grenzen\u201c nach Frankreich gebracht und anschlie\u00dfend weltweit verteilt.<\/p>\n","protected":false},"excerpt":{"rendered":"<p>Sch\u00fclerinnen und Sch\u00fcler sowie Lehrpersonen der BHAK\/BHAS Eisenstadt haben 84 optische Brillen f\u00fcr das Projekt \u201eBrillensammelaktion des Blindenapostolats der Erzdi\u00f6zese Wien\u201c gesammelt. Dabei wurden von Laura H\u00f6ller und Vanessa Steiger, Sch\u00fclerinnen der 1JK, f\u00fcnf Sammelkartons an verschiedenen Pl\u00e4tzen der Schule aufgestellt. Nach zwei Monaten haben sie die Brillen gez\u00e4hlt, verpackt und mit der Post an <a class=\"more-link\" href=\"https:\/\/www.bhak-eisenstadt.at\/2016\/brillen-ohne-grenzen-brillensammlung-der-bhak-bhas-eisenstadt\/\">Weiterlesen&#8230;<\/a><\/p>\n","protected":false},"author":4,"featured_media":2765,"comment_status":"closed","ping_status":"closed","sticky":false,"template":"","format":"standard","meta":[],"categories":[1,4],"tags":[],"amp_enabled":true,"_links":{"self":[{"href":"https:\/\/www.bhak-eisenstadt.at\/2016\/wp-json\/wp\/v2\/posts\/2766"}],"collection":[{"href":"https:\/\/www.bhak-eisenstadt.at\/2016\/wp-json\/wp\/v2\/posts"}],"about":[{"href":"https:\/\/www.bhak-eisenstadt.at\/2016\/wp-json\/wp\/v2\/types\/post"}],"author":[{"embeddable":true,"href":"https:\/\/www.bhak-eisenstadt.at\/2016\/wp-json\/wp\/v2\/users\/4"}],"replies":[{"embeddable":true,"href":"https:\/\/www.bhak-eisenstadt.at\/2016\/wp-json\/wp\/v2\/comments?post=2766"}],"version-history":[{"count":4,"href":"https:\/\/www.bhak-eisenstadt.at\/2016\/wp-json\/wp\/v2\/posts\/2766\/revisions"}],"predecessor-version":[{"id":2770,"href":"https:\/\/www.bhak-eisenstadt.at\/2016\/wp-json\/wp\/v2\/posts\/2766\/revisions\/2770"}],"wp:featuredmedia":[{"embeddable":true,"href":"https:\/\/www.bhak-eisenstadt.at\/2016\/wp-json\/wp\/v2\/media\/2765"}],"wp:attachment":[{"href":"https:\/\/www.bhak-eisenstadt.at\/2016\/wp-json\/wp\/v2\/media?parent=2766"}],"wp:term":[{"taxonomy":"category","embeddable":true,"href":"https:\/\/www.bhak-eisenstadt.at\/2016\/wp-json\/wp\/v2\/categories?post=2766"},{"taxonomy":"post_tag","embeddable":true,"href":"https:\/\/www.bhak-eisenstadt.at\/2016\/wp-json\/wp\/v2\/tags?post=2766"}],"curies":[{"name":"wp","href":"https:\/\/api.w.org\/{rel}","templated":true}]}}