{"id":2786,"date":"2021-06-16T14:17:00","date_gmt":"2021-06-16T12:17:00","guid":{"rendered":"https:\/\/www.bhak-eisenstadt.at\/2016\/?p=2786"},"modified":"2021-06-16T14:19:54","modified_gmt":"2021-06-16T12:19:54","slug":"gespraech-mit-alexander-van-der-bellen-die-zukunft-der-eu","status":"publish","type":"post","link":"https:\/\/www.bhak-eisenstadt.at\/2016\/gespraech-mit-alexander-van-der-bellen-die-zukunft-der-eu\/","title":{"rendered":"Gespr\u00e4ch mit Alexander Van der Bellen: Die Zukunft der EU"},"content":{"rendered":"\n<hr class=\"wp-block-separator\"\/>\n\n\n\n<figure class=\"wp-block-image size-large\"><img loading=\"lazy\" width=\"643\" height=\"391\" src=\"https:\/\/www.bhak-eisenstadt.at\/2016\/wp-content\/uploads\/2021\/05\/Europatag2.png\" alt=\"\" class=\"wp-image-2791\" srcset=\"https:\/\/www.bhak-eisenstadt.at\/2016\/wp-content\/uploads\/2021\/05\/Europatag2.png 643w, https:\/\/www.bhak-eisenstadt.at\/2016\/wp-content\/uploads\/2021\/05\/Europatag2-300x182.png 300w\" sizes=\"(max-width: 643px) 100vw, 643px\" \/><\/figure>\n\n\n\n<p><strong>Wohin geht die Europ\u00e4ische Union?<\/strong><\/p>\n\n\n\n<p>Sch\u00fclerinnen der 3BK haben Anfang Mai an einer Online-Diskussion mit Bundespr\u00e4sident Alexander Van der Bellen zu diesem Thema teilgenommen. Neben Jugendlichen aus ganz \u00d6sterreich haben Erja Zausnig, Sarah Bachk\u00f6nig und Nina Piller das Burgenland vertreten und ihre W\u00fcnsche und Anliegen an ein zuk\u00fcnftiges Europa mitgeteilt. Durch das Gespr\u00e4ch f\u00fchrte Ingrid Thurner vom ORF, der Beitrag war live zu sehen. \u201eEs war eine einzigartige Erfahrung, bei einer Diskussion mit dem Bundespr\u00e4sidenten dabei zu sein \u2013 sehr spannend, informativ und aufregend\u201c, so die Teilnehmenden.<\/p>\n","protected":false},"excerpt":{"rendered":"<p>Wohin geht die Europ\u00e4ische Union? Sch\u00fclerinnen der 3BK haben Anfang Mai an einer Online-Diskussion mit Bundespr\u00e4sident Alexander Van der Bellen zu diesem Thema teilgenommen. Neben Jugendlichen aus ganz \u00d6sterreich haben Erja Zausnig, Sarah Bachk\u00f6nig und Nina Piller das Burgenland vertreten und ihre W\u00fcnsche und Anliegen an ein zuk\u00fcnftiges Europa mitgeteilt. Durch das Gespr\u00e4ch f\u00fchrte Ingrid <a class=\"more-link\" href=\"https:\/\/www.bhak-eisenstadt.at\/2016\/gespraech-mit-alexander-van-der-bellen-die-zukunft-der-eu\/\">Weiterlesen&#8230;<\/a><\/p>\n","protected":false},"author":4,"featured_media":2790,"comment_status":"closed","ping_status":"closed","sticky":false,"template":"","format":"standard","meta":[],"categories":[1,4],"tags":[],"amp_enabled":true,"_links":{"self":[{"href":"https:\/\/www.bhak-eisenstadt.at\/2016\/wp-json\/wp\/v2\/posts\/2786"}],"collection":[{"href":"https:\/\/www.bhak-eisenstadt.at\/2016\/wp-json\/wp\/v2\/posts"}],"about":[{"href":"https:\/\/www.bhak-eisenstadt.at\/2016\/wp-json\/wp\/v2\/types\/post"}],"author":[{"embeddable":true,"href":"https:\/\/www.bhak-eisenstadt.at\/2016\/wp-json\/wp\/v2\/users\/4"}],"replies":[{"embeddable":true,"href":"https:\/\/www.bhak-eisenstadt.at\/2016\/wp-json\/wp\/v2\/comments?post=2786"}],"version-history":[{"count":4,"href":"https:\/\/www.bhak-eisenstadt.at\/2016\/wp-json\/wp\/v2\/posts\/2786\/revisions"}],"predecessor-version":[{"id":2794,"href":"https:\/\/www.bhak-eisenstadt.at\/2016\/wp-json\/wp\/v2\/posts\/2786\/revisions\/2794"}],"wp:featuredmedia":[{"embeddable":true,"href":"https:\/\/www.bhak-eisenstadt.at\/2016\/wp-json\/wp\/v2\/media\/2790"}],"wp:attachment":[{"href":"https:\/\/www.bhak-eisenstadt.at\/2016\/wp-json\/wp\/v2\/media?parent=2786"}],"wp:term":[{"taxonomy":"category","embeddable":true,"href":"https:\/\/www.bhak-eisenstadt.at\/2016\/wp-json\/wp\/v2\/categories?post=2786"},{"taxonomy":"post_tag","embeddable":true,"href":"https:\/\/www.bhak-eisenstadt.at\/2016\/wp-json\/wp\/v2\/tags?post=2786"}],"curies":[{"name":"wp","href":"https:\/\/api.w.org\/{rel}","templated":true}]}}