{"id":3882,"date":"2023-10-14T11:43:06","date_gmt":"2023-10-14T09:43:06","guid":{"rendered":"https:\/\/www.bhak-eisenstadt.at\/2016\/?p=3882"},"modified":"2023-10-14T11:54:28","modified_gmt":"2023-10-14T09:54:28","slug":"sprachreise-sevilla","status":"publish","type":"post","link":"https:\/\/www.bhak-eisenstadt.at\/2016\/sprachreise-sevilla\/","title":{"rendered":"Sprachreise Sevilla"},"content":{"rendered":"\n<hr class=\"wp-block-separator\"\/>\n\n\n\n<p>Vom 19. bis 26. September 2023 besuchten die Klassen 5BCJK im Zuge ihrer Sprachreise die Stadt Sevilla in Spanien. W\u00e4hrend des Aufenthalts verbesserten die Sch\u00fcler und Sch\u00fclerinnen ihre Spanischkenntnisse, und sie unternahmen viele Ausfl\u00fcge und Besichtigungen. Ein Highlight f\u00fcr viele war der Besuch der Kathedrale von Sevilla, die eine der gr\u00f6\u00dften Kirchen der Welt ist. Um das Sommer-Feeling ganz nah zu erleben, stand ein Ausflug nach C\u00e1diz auf dem Programm. Dort konnten die Sch\u00fclerinnen und Sch\u00fcler am Torre Taviro eine unvergessliche Aussicht \u00fcber die gesamte Stadt genie\u00dfen. Da das Wetter perfekt mitspielte, lie\u00dfen sie den Tag am Strand ausklingen und genossen ein erfrischendes Bad im Atlantik.<\/p>\n\n\n\n<p>Im Zuge der Reise konnten auch Spezialit\u00e4ten aus der spanischen K\u00fcche &#8211; wie etwa Tortillas, Paella oder Churros &#8211; &nbsp;probiert werden. Es blieb auch Zeit, um Sevilla auf eigene Faust zu erkunden und um in die spanische Lebensart einzutauchen.<\/p>\n\n\n\n<div class=\"wp-block-columns\">\n<div class=\"wp-block-column\" style=\"flex-basis:100%\"><\/div>\n<\/div>\n\n\n\n<figure class=\"wp-block-gallery columns-2 is-cropped\"><ul class=\"blocks-gallery-grid\"><li class=\"blocks-gallery-item\"><figure><img loading=\"lazy\" width=\"864\" height=\"1024\" src=\"https:\/\/www.bhak-eisenstadt.at\/2016\/wp-content\/uploads\/2023\/10\/Spanien3-864x1024.jpg\" alt=\"\" data-id=\"3884\" data-full-url=\"https:\/\/www.bhak-eisenstadt.at\/2016\/wp-content\/uploads\/2023\/10\/Spanien3-scaled.jpg\" data-link=\"https:\/\/www.bhak-eisenstadt.at\/2016\/sprachreise-sevilla\/spanien3\/#main\" class=\"wp-image-3884\" srcset=\"https:\/\/www.bhak-eisenstadt.at\/2016\/wp-content\/uploads\/2023\/10\/Spanien3-864x1024.jpg 864w, https:\/\/www.bhak-eisenstadt.at\/2016\/wp-content\/uploads\/2023\/10\/Spanien3-253x300.jpg 253w, https:\/\/www.bhak-eisenstadt.at\/2016\/wp-content\/uploads\/2023\/10\/Spanien3-768x910.jpg 768w, https:\/\/www.bhak-eisenstadt.at\/2016\/wp-content\/uploads\/2023\/10\/Spanien3-1297x1536.jpg 1297w, https:\/\/www.bhak-eisenstadt.at\/2016\/wp-content\/uploads\/2023\/10\/Spanien3-1729x2048.jpg 1729w\" sizes=\"(max-width: 864px) 100vw, 864px\" \/><\/figure><\/li><li class=\"blocks-gallery-item\"><figure><img loading=\"lazy\" width=\"941\" height=\"1024\" src=\"https:\/\/www.bhak-eisenstadt.at\/2016\/wp-content\/uploads\/2023\/10\/Spanien2-scaled-e1697276921914-941x1024.jpg\" alt=\"\" data-id=\"3883\" data-full-url=\"https:\/\/www.bhak-eisenstadt.at\/2016\/wp-content\/uploads\/2023\/10\/Spanien2-scaled-e1697276921914.jpg\" data-link=\"https:\/\/www.bhak-eisenstadt.at\/2016\/sprachreise-sevilla\/spanien2\/#main\" class=\"wp-image-3883\" srcset=\"https:\/\/www.bhak-eisenstadt.at\/2016\/wp-content\/uploads\/2023\/10\/Spanien2-scaled-e1697276921914-941x1024.jpg 941w, https:\/\/www.bhak-eisenstadt.at\/2016\/wp-content\/uploads\/2023\/10\/Spanien2-scaled-e1697276921914-276x300.jpg 276w, https:\/\/www.bhak-eisenstadt.at\/2016\/wp-content\/uploads\/2023\/10\/Spanien2-scaled-e1697276921914-768x836.jpg 768w, https:\/\/www.bhak-eisenstadt.at\/2016\/wp-content\/uploads\/2023\/10\/Spanien2-scaled-e1697276921914-1412x1536.jpg 1412w, https:\/\/www.bhak-eisenstadt.at\/2016\/wp-content\/uploads\/2023\/10\/Spanien2-scaled-e1697276921914.jpg 1566w\" sizes=\"(max-width: 941px) 100vw, 941px\" \/><\/figure><\/li><\/ul><\/figure>\n","protected":false},"excerpt":{"rendered":"<p>Vom 19. bis 26. September 2023 besuchten die Klassen 5BCJK im Zuge ihrer Sprachreise die Stadt Sevilla in Spanien. W\u00e4hrend des Aufenthalts verbesserten die Sch\u00fcler und Sch\u00fclerinnen ihre Spanischkenntnisse, und sie unternahmen viele Ausfl\u00fcge und Besichtigungen. Ein Highlight f\u00fcr viele war der Besuch der Kathedrale von Sevilla, die eine der gr\u00f6\u00dften Kirchen der Welt ist. <a class=\"more-link\" href=\"https:\/\/www.bhak-eisenstadt.at\/2016\/sprachreise-sevilla\/\">Weiterlesen&#8230;<\/a><\/p>\n","protected":false},"author":4,"featured_media":3885,"comment_status":"closed","ping_status":"closed","sticky":false,"template":"","format":"standard","meta":[],"categories":[1,4],"tags":[],"amp_enabled":true,"_links":{"self":[{"href":"https:\/\/www.bhak-eisenstadt.at\/2016\/wp-json\/wp\/v2\/posts\/3882"}],"collection":[{"href":"https:\/\/www.bhak-eisenstadt.at\/2016\/wp-json\/wp\/v2\/posts"}],"about":[{"href":"https:\/\/www.bhak-eisenstadt.at\/2016\/wp-json\/wp\/v2\/types\/post"}],"author":[{"embeddable":true,"href":"https:\/\/www.bhak-eisenstadt.at\/2016\/wp-json\/wp\/v2\/users\/4"}],"replies":[{"embeddable":true,"href":"https:\/\/www.bhak-eisenstadt.at\/2016\/wp-json\/wp\/v2\/comments?post=3882"}],"version-history":[{"count":2,"href":"https:\/\/www.bhak-eisenstadt.at\/2016\/wp-json\/wp\/v2\/posts\/3882\/revisions"}],"predecessor-version":[{"id":3888,"href":"https:\/\/www.bhak-eisenstadt.at\/2016\/wp-json\/wp\/v2\/posts\/3882\/revisions\/3888"}],"wp:featuredmedia":[{"embeddable":true,"href":"https:\/\/www.bhak-eisenstadt.at\/2016\/wp-json\/wp\/v2\/media\/3885"}],"wp:attachment":[{"href":"https:\/\/www.bhak-eisenstadt.at\/2016\/wp-json\/wp\/v2\/media?parent=3882"}],"wp:term":[{"taxonomy":"category","embeddable":true,"href":"https:\/\/www.bhak-eisenstadt.at\/2016\/wp-json\/wp\/v2\/categories?post=3882"},{"taxonomy":"post_tag","embeddable":true,"href":"https:\/\/www.bhak-eisenstadt.at\/2016\/wp-json\/wp\/v2\/tags?post=3882"}],"curies":[{"name":"wp","href":"https:\/\/api.w.org\/{rel}","templated":true}]}}